{"id":51102,"date":"2025-06-03T07:01:35","date_gmt":"2025-06-03T07:01:35","guid":{"rendered":"https:\/\/hunting.be\/permis-de-chasse-foret-danlier-cerf-elaphe-chevreuil-et-cerf-noir-2025\/"},"modified":"2025-06-03T07:01:35","modified_gmt":"2025-06-03T07:01:35","slug":"permis-de-chasse-foret-danlier-cerf-elaphe-chevreuil-et-cerf-noir-2025","status":"publish","type":"post","link":"https:\/\/hunting.be\/fr\/permis-de-chasse-foret-danlier-cerf-elaphe-chevreuil-et-cerf-noir-2025\/","title":{"rendered":"Permis de chasse For\u00eat D\u2019Anlier \u2013 Cerf \u00e9laphe, chevreuil et cerf noir 2025"},"content":{"rendered":"<h1>Vendredi 20 juin 2025 \u00e0 18 h au Chalet de la Hourette<\/h1>\n<p>A la demande du Ministre de la R\u00e9gion wallonne, pr\u00e9sid\u00e9 par le Directeur du centre DNF d\u2019Arlon ou<br \/>\nson d\u00e9l\u00e9gu\u00e9 et en pr\u00e9sence du d\u00e9l\u00e9gu\u00e9 des communes ou de leur d\u00e9l\u00e9gu\u00e9, la location s\u2019effectuera sur<br \/>\npr\u00e9sentation des permis de chasse pour l\u2019ann\u00e9e de chasse 2025 vis\u00e9e ci-apr\u00e8s, dans les conditions du cahier des charges<br \/>\net du pr\u00e9sent catalogue de ventes.<br \/>\nLes inscriptions ouvriront \u00e0 <strong>18h00 pour les 34 licences offertes<\/strong> dans l\u2019ordre indiqu\u00e9 ci-dessous, suivies de<br \/>\nl\u2019attribution d\u2019une \u00ab Journ\u00e9e d\u00e9couverte traque aff\u00fbt \u00bb \u00e0 un jeune chasseur local :<\/p>\n<p>Vous trouverez ci-dessous les documents d\u2019accompagnement et les formulaires d\u2019inscription :<\/p>\n<ul>\n<li><a href=\"https:\/\/hunting.be\/wp-content\/uploads\/2025\/06\/Soumission-CPL-2025.pdf\">Soumission CPL 2025<\/a><\/li>\n<li><a href=\"https:\/\/hunting.be\/wp-content\/uploads\/2025\/06\/Catalogue-licences-de-chasse-CPL-2025.pdf\">Catalogue licences de chasse CPL 2025<\/a><\/li>\n<li><a href=\"https:\/\/hunting.be\/wp-content\/uploads\/2025\/06\/CGC-Chasse-a-licences-FDI-Anlier-2025.pdf\">CGC Chasse \u00e0 licences FDI Anlier 2025<\/a><\/li>\n<li><a href=\"https:\/\/hunting.be\/wp-content\/uploads\/2025\/06\/Encart-publicitaire-CPL-2025.pdf\">Encart Publicit\u00e9 CPL 2025<\/a><\/li>\n<\/ul>\n<p><img loading=\"lazy\" decoding=\"async\" class=\" wp-image-47063\" src=\"https:\/\/hunting.be\/wp-content\/uploads\/2024\/04\/dangerous-wild-boar-male-with-white-tusks-on-green-2021-10-26-02-09-39-utc-1024x683.jpg\" alt=\"\" width=\"522\" height=\"348\" srcset=\"https:\/\/hunting.be\/wp-content\/uploads\/2024\/04\/dangerous-wild-boar-male-with-white-tusks-on-green-2021-10-26-02-09-39-utc-1024x683.jpg 1024w, https:\/\/hunting.be\/wp-content\/uploads\/2024\/04\/dangerous-wild-boar-male-with-white-tusks-on-green-2021-10-26-02-09-39-utc-300x200.jpg 300w, https:\/\/hunting.be\/wp-content\/uploads\/2024\/04\/dangerous-wild-boar-male-with-white-tusks-on-green-2021-10-26-02-09-39-utc-768x512.jpg 768w, https:\/\/hunting.be\/wp-content\/uploads\/2024\/04\/dangerous-wild-boar-male-with-white-tusks-on-green-2021-10-26-02-09-39-utc-1536x1024.jpg 1536w, https:\/\/hunting.be\/wp-content\/uploads\/2024\/04\/dangerous-wild-boar-male-with-white-tusks-on-green-2021-10-26-02-09-39-utc-2048x1365.jpg 2048w, https:\/\/hunting.be\/wp-content\/uploads\/2024\/04\/dangerous-wild-boar-male-with-white-tusks-on-green-2021-10-26-02-09-39-utc-900x600.jpg 900w\" sizes=\"auto, (max-width: 522px) 100vw, 522px\" \/><\/p>\n","protected":false},"excerpt":{"rendered":"<p>Vendredi 20 juin 2025 \u00e0 18 h au Chalet de la Hourette A la demande du Ministre de la R\u00e9gion wallonne, pr\u00e9sid\u00e9 par le Directeur&#8230;<\/p>\n","protected":false},"author":3,"featured_media":49689,"comment_status":"closed","ping_status":"closed","sticky":false,"template":"","format":"standard","meta":{"footnotes":""},"categories":[705],"tags":[826,825,707,823,824],"class_list":{"0":"post-51102","1":"post","2":"type-post","3":"status-publish","4":"format-standard","5":"has-post-thumbnail","7":"category-offre-yacht","8":"tag-anlier","9":"tag-cerf-elaphe","10":"tag-chasse-au-permis","11":"tag-chevreuil","12":"tag-jeu-noir"},"yoast_head":"<!-- This site is optimized with the Yoast SEO plugin v27.4 - https:\/\/yoast.com\/product\/yoast-seo-wordpress\/ -->\n<title>Permis de chasse For\u00eat D\u2019Anlier - Cerf \u00e9laphe, chevreuil et cerf noir 2025 - Hunting<\/title>\n<meta name=\"robots\" content=\"index, follow, max-snippet:-1, max-image-preview:large, max-video-preview:-1\" \/>\n<link rel=\"canonical\" href=\"https:\/\/hunting.be\/fr\/permis-de-chasse-foret-danlier-cerf-elaphe-chevreuil-et-cerf-noir-2025\/\" \/>\n<meta property=\"og:locale\" content=\"fr_FR\" \/>\n<meta property=\"og:type\" content=\"article\" \/>\n<meta property=\"og:title\" content=\"Permis de chasse For\u00eat D\u2019Anlier - Cerf \u00e9laphe, chevreuil et cerf noir 2025 - Hunting\" \/>\n<meta property=\"og:description\" content=\"Vendredi 20 juin 2025 \u00e0 18 h au Chalet de la Hourette A la demande du Ministre de la R\u00e9gion wallonne, pr\u00e9sid\u00e9 par le Directeur...\" \/>\n<meta property=\"og:url\" content=\"https:\/\/hunting.be\/fr\/permis-de-chasse-foret-danlier-cerf-elaphe-chevreuil-et-cerf-noir-2025\/\" \/>\n<meta property=\"og:site_name\" content=\"Hunting\" \/>\n<meta property=\"article:published_time\" content=\"2025-06-03T07:01:35+00:00\" \/>\n<meta property=\"og:image\" content=\"https:\/\/hunting.be\/wp-content\/uploads\/2021\/01\/red-deer-in-winter-BCRY3VU-scaled.jpg\" \/>\n\t<meta property=\"og:image:width\" content=\"2560\" \/>\n\t<meta property=\"og:image:height\" content=\"1707\" \/>\n\t<meta property=\"og:image:type\" content=\"image\/jpeg\" \/>\n<meta name=\"author\" content=\"Nickolay\" \/>\n<meta name=\"twitter:card\" content=\"summary_large_image\" \/>\n<meta name=\"twitter:label1\" content=\"\u00c9crit par\" \/>\n\t<meta name=\"twitter:data1\" content=\"Nickolay\" \/>\n\t<meta name=\"twitter:label2\" content=\"Dur\u00e9e de lecture estim\u00e9e\" \/>\n\t<meta name=\"twitter:data2\" content=\"1 minute\" \/>\n<script type=\"application\/ld+json\" class=\"yoast-schema-graph\">{\"@context\":\"https:\\\/\\\/schema.org\",\"@graph\":[{\"@type\":\"Article\",\"@id\":\"https:\\\/\\\/hunting.be\\\/fr\\\/permis-de-chasse-foret-danlier-cerf-elaphe-chevreuil-et-cerf-noir-2025\\\/#article\",\"isPartOf\":{\"@id\":\"https:\\\/\\\/hunting.be\\\/fr\\\/permis-de-chasse-foret-danlier-cerf-elaphe-chevreuil-et-cerf-noir-2025\\\/\"},\"author\":{\"name\":\"Nickolay\",\"@id\":\"https:\\\/\\\/hunting.be\\\/fr\\\/#\\\/schema\\\/person\\\/645bd1651cd8baef52f1be1c2639b766\"},\"headline\":\"Permis de chasse For\u00eat D\u2019Anlier \u2013 Cerf \u00e9laphe, chevreuil et cerf noir 2025\",\"datePublished\":\"2025-06-03T07:01:35+00:00\",\"mainEntityOfPage\":{\"@id\":\"https:\\\/\\\/hunting.be\\\/fr\\\/permis-de-chasse-foret-danlier-cerf-elaphe-chevreuil-et-cerf-noir-2025\\\/\"},\"wordCount\":155,\"image\":{\"@id\":\"https:\\\/\\\/hunting.be\\\/fr\\\/permis-de-chasse-foret-danlier-cerf-elaphe-chevreuil-et-cerf-noir-2025\\\/#primaryimage\"},\"thumbnailUrl\":\"https:\\\/\\\/hunting.be\\\/wp-content\\\/uploads\\\/2021\\\/01\\\/red-deer-in-winter-BCRY3VU-scaled.jpg\",\"keywords\":[\"Anlier\",\"Cerf \u00e9laphe\",\"Chasse au permis\",\"Chevreuil\",\"Jeu noir\"],\"articleSection\":[\"Offre yacht\"],\"inLanguage\":\"fr-FR\"},{\"@type\":\"WebPage\",\"@id\":\"https:\\\/\\\/hunting.be\\\/fr\\\/permis-de-chasse-foret-danlier-cerf-elaphe-chevreuil-et-cerf-noir-2025\\\/\",\"url\":\"https:\\\/\\\/hunting.be\\\/fr\\\/permis-de-chasse-foret-danlier-cerf-elaphe-chevreuil-et-cerf-noir-2025\\\/\",\"name\":\"Permis de chasse For\u00eat D\u2019Anlier - Cerf \u00e9laphe, chevreuil et cerf noir 2025 - Hunting\",\"isPartOf\":{\"@id\":\"https:\\\/\\\/hunting.be\\\/fr\\\/#website\"},\"primaryImageOfPage\":{\"@id\":\"https:\\\/\\\/hunting.be\\\/fr\\\/permis-de-chasse-foret-danlier-cerf-elaphe-chevreuil-et-cerf-noir-2025\\\/#primaryimage\"},\"image\":{\"@id\":\"https:\\\/\\\/hunting.be\\\/fr\\\/permis-de-chasse-foret-danlier-cerf-elaphe-chevreuil-et-cerf-noir-2025\\\/#primaryimage\"},\"thumbnailUrl\":\"https:\\\/\\\/hunting.be\\\/wp-content\\\/uploads\\\/2021\\\/01\\\/red-deer-in-winter-BCRY3VU-scaled.jpg\",\"datePublished\":\"2025-06-03T07:01:35+00:00\",\"author\":{\"@id\":\"https:\\\/\\\/hunting.be\\\/fr\\\/#\\\/schema\\\/person\\\/645bd1651cd8baef52f1be1c2639b766\"},\"breadcrumb\":{\"@id\":\"https:\\\/\\\/hunting.be\\\/fr\\\/permis-de-chasse-foret-danlier-cerf-elaphe-chevreuil-et-cerf-noir-2025\\\/#breadcrumb\"},\"inLanguage\":\"fr-FR\",\"potentialAction\":[{\"@type\":\"ReadAction\",\"target\":[\"https:\\\/\\\/hunting.be\\\/fr\\\/permis-de-chasse-foret-danlier-cerf-elaphe-chevreuil-et-cerf-noir-2025\\\/\"]}]},{\"@type\":\"ImageObject\",\"inLanguage\":\"fr-FR\",\"@id\":\"https:\\\/\\\/hunting.be\\\/fr\\\/permis-de-chasse-foret-danlier-cerf-elaphe-chevreuil-et-cerf-noir-2025\\\/#primaryimage\",\"url\":\"https:\\\/\\\/hunting.be\\\/wp-content\\\/uploads\\\/2021\\\/01\\\/red-deer-in-winter-BCRY3VU-scaled.jpg\",\"contentUrl\":\"https:\\\/\\\/hunting.be\\\/wp-content\\\/uploads\\\/2021\\\/01\\\/red-deer-in-winter-BCRY3VU-scaled.jpg\",\"width\":2560,\"height\":1707},{\"@type\":\"BreadcrumbList\",\"@id\":\"https:\\\/\\\/hunting.be\\\/fr\\\/permis-de-chasse-foret-danlier-cerf-elaphe-chevreuil-et-cerf-noir-2025\\\/#breadcrumb\",\"itemListElement\":[{\"@type\":\"ListItem\",\"position\":1,\"name\":\"Home\",\"item\":\"https:\\\/\\\/hunting.be\\\/fr\\\/\"},{\"@type\":\"ListItem\",\"position\":2,\"name\":\"Permis de chasse For\u00eat D\u2019Anlier \u2013 Cerf \u00e9laphe, chevreuil et cerf noir 2025\"}]},{\"@type\":\"WebSite\",\"@id\":\"https:\\\/\\\/hunting.be\\\/fr\\\/#website\",\"url\":\"https:\\\/\\\/hunting.be\\\/fr\\\/\",\"name\":\"Hunting\",\"description\":\"Referentie voor jacht in Belgi\u00eb\",\"potentialAction\":[{\"@type\":\"SearchAction\",\"target\":{\"@type\":\"EntryPoint\",\"urlTemplate\":\"https:\\\/\\\/hunting.be\\\/fr\\\/?s={search_term_string}\"},\"query-input\":{\"@type\":\"PropertyValueSpecification\",\"valueRequired\":true,\"valueName\":\"search_term_string\"}}],\"inLanguage\":\"fr-FR\"},{\"@type\":\"Person\",\"@id\":\"https:\\\/\\\/hunting.be\\\/fr\\\/#\\\/schema\\\/person\\\/645bd1651cd8baef52f1be1c2639b766\",\"name\":\"Nickolay\",\"image\":{\"@type\":\"ImageObject\",\"inLanguage\":\"fr-FR\",\"@id\":\"https:\\\/\\\/secure.gravatar.com\\\/avatar\\\/bb64d0b6985001cfd10e94c73054f48e586246cb49f2b92487ebc82a3d493b6e?s=96&d=mm&r=g\",\"url\":\"https:\\\/\\\/secure.gravatar.com\\\/avatar\\\/bb64d0b6985001cfd10e94c73054f48e586246cb49f2b92487ebc82a3d493b6e?s=96&d=mm&r=g\",\"contentUrl\":\"https:\\\/\\\/secure.gravatar.com\\\/avatar\\\/bb64d0b6985001cfd10e94c73054f48e586246cb49f2b92487ebc82a3d493b6e?s=96&d=mm&r=g\",\"caption\":\"Nickolay\"},\"url\":\"https:\\\/\\\/hunting.be\\\/fr\\\/author\\\/nickolay\\\/\"}]}<\/script>\n<!-- \/ Yoast SEO plugin. -->","yoast_head_json":{"title":"Permis de chasse For\u00eat D\u2019Anlier - Cerf \u00e9laphe, chevreuil et cerf noir 2025 - Hunting","robots":{"index":"index","follow":"follow","max-snippet":"max-snippet:-1","max-image-preview":"max-image-preview:large","max-video-preview":"max-video-preview:-1"},"canonical":"https:\/\/hunting.be\/fr\/permis-de-chasse-foret-danlier-cerf-elaphe-chevreuil-et-cerf-noir-2025\/","og_locale":"fr_FR","og_type":"article","og_title":"Permis de chasse For\u00eat D\u2019Anlier - Cerf \u00e9laphe, chevreuil et cerf noir 2025 - Hunting","og_description":"Vendredi 20 juin 2025 \u00e0 18 h au Chalet de la Hourette A la demande du Ministre de la R\u00e9gion wallonne, pr\u00e9sid\u00e9 par le Directeur...","og_url":"https:\/\/hunting.be\/fr\/permis-de-chasse-foret-danlier-cerf-elaphe-chevreuil-et-cerf-noir-2025\/","og_site_name":"Hunting","article_published_time":"2025-06-03T07:01:35+00:00","og_image":[{"width":2560,"height":1707,"url":"https:\/\/hunting.be\/wp-content\/uploads\/2021\/01\/red-deer-in-winter-BCRY3VU-scaled.jpg","type":"image\/jpeg"}],"author":"Nickolay","twitter_card":"summary_large_image","twitter_misc":{"\u00c9crit par":"Nickolay","Dur\u00e9e de lecture estim\u00e9e":"1 minute"},"schema":{"@context":"https:\/\/schema.org","@graph":[{"@type":"Article","@id":"https:\/\/hunting.be\/fr\/permis-de-chasse-foret-danlier-cerf-elaphe-chevreuil-et-cerf-noir-2025\/#article","isPartOf":{"@id":"https:\/\/hunting.be\/fr\/permis-de-chasse-foret-danlier-cerf-elaphe-chevreuil-et-cerf-noir-2025\/"},"author":{"name":"Nickolay","@id":"https:\/\/hunting.be\/fr\/#\/schema\/person\/645bd1651cd8baef52f1be1c2639b766"},"headline":"Permis de chasse For\u00eat D\u2019Anlier \u2013 Cerf \u00e9laphe, chevreuil et cerf noir 2025","datePublished":"2025-06-03T07:01:35+00:00","mainEntityOfPage":{"@id":"https:\/\/hunting.be\/fr\/permis-de-chasse-foret-danlier-cerf-elaphe-chevreuil-et-cerf-noir-2025\/"},"wordCount":155,"image":{"@id":"https:\/\/hunting.be\/fr\/permis-de-chasse-foret-danlier-cerf-elaphe-chevreuil-et-cerf-noir-2025\/#primaryimage"},"thumbnailUrl":"https:\/\/hunting.be\/wp-content\/uploads\/2021\/01\/red-deer-in-winter-BCRY3VU-scaled.jpg","keywords":["Anlier","Cerf \u00e9laphe","Chasse au permis","Chevreuil","Jeu noir"],"articleSection":["Offre yacht"],"inLanguage":"fr-FR"},{"@type":"WebPage","@id":"https:\/\/hunting.be\/fr\/permis-de-chasse-foret-danlier-cerf-elaphe-chevreuil-et-cerf-noir-2025\/","url":"https:\/\/hunting.be\/fr\/permis-de-chasse-foret-danlier-cerf-elaphe-chevreuil-et-cerf-noir-2025\/","name":"Permis de chasse For\u00eat D\u2019Anlier - Cerf \u00e9laphe, chevreuil et cerf noir 2025 - Hunting","isPartOf":{"@id":"https:\/\/hunting.be\/fr\/#website"},"primaryImageOfPage":{"@id":"https:\/\/hunting.be\/fr\/permis-de-chasse-foret-danlier-cerf-elaphe-chevreuil-et-cerf-noir-2025\/#primaryimage"},"image":{"@id":"https:\/\/hunting.be\/fr\/permis-de-chasse-foret-danlier-cerf-elaphe-chevreuil-et-cerf-noir-2025\/#primaryimage"},"thumbnailUrl":"https:\/\/hunting.be\/wp-content\/uploads\/2021\/01\/red-deer-in-winter-BCRY3VU-scaled.jpg","datePublished":"2025-06-03T07:01:35+00:00","author":{"@id":"https:\/\/hunting.be\/fr\/#\/schema\/person\/645bd1651cd8baef52f1be1c2639b766"},"breadcrumb":{"@id":"https:\/\/hunting.be\/fr\/permis-de-chasse-foret-danlier-cerf-elaphe-chevreuil-et-cerf-noir-2025\/#breadcrumb"},"inLanguage":"fr-FR","potentialAction":[{"@type":"ReadAction","target":["https:\/\/hunting.be\/fr\/permis-de-chasse-foret-danlier-cerf-elaphe-chevreuil-et-cerf-noir-2025\/"]}]},{"@type":"ImageObject","inLanguage":"fr-FR","@id":"https:\/\/hunting.be\/fr\/permis-de-chasse-foret-danlier-cerf-elaphe-chevreuil-et-cerf-noir-2025\/#primaryimage","url":"https:\/\/hunting.be\/wp-content\/uploads\/2021\/01\/red-deer-in-winter-BCRY3VU-scaled.jpg","contentUrl":"https:\/\/hunting.be\/wp-content\/uploads\/2021\/01\/red-deer-in-winter-BCRY3VU-scaled.jpg","width":2560,"height":1707},{"@type":"BreadcrumbList","@id":"https:\/\/hunting.be\/fr\/permis-de-chasse-foret-danlier-cerf-elaphe-chevreuil-et-cerf-noir-2025\/#breadcrumb","itemListElement":[{"@type":"ListItem","position":1,"name":"Home","item":"https:\/\/hunting.be\/fr\/"},{"@type":"ListItem","position":2,"name":"Permis de chasse For\u00eat D\u2019Anlier \u2013 Cerf \u00e9laphe, chevreuil et cerf noir 2025"}]},{"@type":"WebSite","@id":"https:\/\/hunting.be\/fr\/#website","url":"https:\/\/hunting.be\/fr\/","name":"Hunting","description":"Referentie voor jacht in Belgi\u00eb","potentialAction":[{"@type":"SearchAction","target":{"@type":"EntryPoint","urlTemplate":"https:\/\/hunting.be\/fr\/?s={search_term_string}"},"query-input":{"@type":"PropertyValueSpecification","valueRequired":true,"valueName":"search_term_string"}}],"inLanguage":"fr-FR"},{"@type":"Person","@id":"https:\/\/hunting.be\/fr\/#\/schema\/person\/645bd1651cd8baef52f1be1c2639b766","name":"Nickolay","image":{"@type":"ImageObject","inLanguage":"fr-FR","@id":"https:\/\/secure.gravatar.com\/avatar\/bb64d0b6985001cfd10e94c73054f48e586246cb49f2b92487ebc82a3d493b6e?s=96&d=mm&r=g","url":"https:\/\/secure.gravatar.com\/avatar\/bb64d0b6985001cfd10e94c73054f48e586246cb49f2b92487ebc82a3d493b6e?s=96&d=mm&r=g","contentUrl":"https:\/\/secure.gravatar.com\/avatar\/bb64d0b6985001cfd10e94c73054f48e586246cb49f2b92487ebc82a3d493b6e?s=96&d=mm&r=g","caption":"Nickolay"},"url":"https:\/\/hunting.be\/fr\/author\/nickolay\/"}]}},"_links":{"self":[{"href":"https:\/\/hunting.be\/fr\/wp-json\/wp\/v2\/posts\/51102","targetHints":{"allow":["GET"]}}],"collection":[{"href":"https:\/\/hunting.be\/fr\/wp-json\/wp\/v2\/posts"}],"about":[{"href":"https:\/\/hunting.be\/fr\/wp-json\/wp\/v2\/types\/post"}],"author":[{"embeddable":true,"href":"https:\/\/hunting.be\/fr\/wp-json\/wp\/v2\/users\/3"}],"replies":[{"embeddable":true,"href":"https:\/\/hunting.be\/fr\/wp-json\/wp\/v2\/comments?post=51102"}],"version-history":[{"count":0,"href":"https:\/\/hunting.be\/fr\/wp-json\/wp\/v2\/posts\/51102\/revisions"}],"wp:featuredmedia":[{"embeddable":true,"href":"https:\/\/hunting.be\/fr\/wp-json\/wp\/v2\/media\/49689"}],"wp:attachment":[{"href":"https:\/\/hunting.be\/fr\/wp-json\/wp\/v2\/media?parent=51102"}],"wp:term":[{"taxonomy":"category","embeddable":true,"href":"https:\/\/hunting.be\/fr\/wp-json\/wp\/v2\/categories?post=51102"},{"taxonomy":"post_tag","embeddable":true,"href":"https:\/\/hunting.be\/fr\/wp-json\/wp\/v2\/tags?post=51102"}],"curies":[{"name":"wp","href":"https:\/\/api.w.org\/{rel}","templated":true}]}}